{"id":592,"date":"2024-08-28T15:30:33","date_gmt":"2024-08-28T15:30:33","guid":{"rendered":"https:\/\/www.miba.it\/?p=592"},"modified":"2025-03-24T09:36:59","modified_gmt":"2025-03-24T09:36:59","slug":"miba-blenchexpo","status":"publish","type":"post","link":"https:\/\/www.miba.it\/fr\/miba-blenchexpo\/","title":{"rendered":"Miba \u00e0 BlenchExpo 2023"},"content":{"rendered":"<p>10.11.2023 - Miba a visit\u00e9 la \" BlenchExpo 2023 \", le plus important salon international de la t\u00f4lerie et des technologies d'usinage des m\u00e9taux, qui s'est tenu \u00e0 Stuttgart, en Allemagne.<\/p>\n<p>L'\u00e9v\u00e9nement a rassembl\u00e9 des exposants du monde entier et a \u00e9t\u00e9 une occasion importante pour Miba de suivre les tendances de la production et les innovations techniques dans l'industrie.<\/p>\n<p>L'effort constant de Miba pour fournir des produits qualitativement comp\u00e9titifs passe n\u00e9cessairement par ce type de recherche et de mise \u00e0 jour technologique, indispensable pour suivre l'\u00e9volution moderne.<\/p>\n<p>&nbsp;<\/p>","protected":false},"excerpt":{"rendered":"<p>10.11.2023 &#8211; Miba \u00e8 stata in visita al \u201cBlenchExpo 2023\u201d la pi\u00f9 importante fiera a livello internazionale sulle lavorazioni delle lamiere e sulle tecnologie per la carpenteria metallica, che si \u00e8 svolta a Stoccarda in Germania. L&#8217;evento ha riunito espositori da tutto il mondo e ha rappresentato un\u2019importante occasione per Miba per poter monitorare i [&#8230;]<\/p>\n<p><a class=\"btn btn-secondary redapple-read-more-link\" href=\"https:\/\/www.miba.it\/fr\/miba-blenchexpo\/\">Lire la suite&#8230;<\/a><\/p>\n","protected":false},"author":1,"featured_media":551,"comment_status":"open","ping_status":"closed","sticky":false,"template":"","format":"standard","meta":{"_acf_changed":false,"_yoast_wpseo_focuskw":"","_yoast_wpseo_title":"","_yoast_wpseo_metadesc":"MIBA ha partecipato al BlenchExpo 2023 a Stoccarda, la fiera internazionale leader per la lavorazione della lamiera.","inline_featured_image":false,"footnotes":""},"categories":[3],"tags":[],"class_list":["post-592","post","type-post","status-publish","format-standard","has-post-thumbnail","hentry","category-eventi"],"acf":{"tv_meta_title_en":"","tv_meta_desc_en":"","tv_meta_title_fr":"","tv_meta_desc_fr":"","tv_meta_title_de":"","tv_meta_desc_de":""},"yoast_head":"<!-- This site is optimized with the Yoast SEO plugin v26.6 - https:\/\/yoast.com\/wordpress\/plugins\/seo\/ -->\n<title>Miba al BlenchExpo 2023 | MIBA<\/title>\n<meta name=\"description\" content=\"MIBA ha partecipato al BlenchExpo 2023 a Stoccarda, la fiera internazionale leader per la lavorazione della lamiera.\" \/>\n<meta name=\"robots\" content=\"index, follow, max-snippet:-1, max-image-preview:large, max-video-preview:-1\" \/>\n<link rel=\"canonical\" href=\"https:\/\/www.miba.it\/fr\/miba-blenchexpo\/\" \/>\n<meta property=\"og:locale\" content=\"fr_FR\" \/>\n<meta property=\"og:type\" content=\"article\" \/>\n<meta property=\"og:title\" content=\"Miba al BlenchExpo 2023 | MIBA\" \/>\n<meta property=\"og:description\" content=\"MIBA ha partecipato al BlenchExpo 2023 a Stoccarda, la fiera internazionale leader per la lavorazione della lamiera.\" \/>\n<meta property=\"og:url\" content=\"https:\/\/www.miba.it\/fr\/miba-blenchexpo\/\" \/>\n<meta property=\"og:site_name\" content=\"MIBA\" \/>\n<meta property=\"article:published_time\" content=\"2024-08-28T15:30:33+00:00\" \/>\n<meta property=\"article:modified_time\" content=\"2025-03-24T09:36:59+00:00\" \/>\n<meta property=\"og:image\" content=\"https:\/\/www.miba.it\/wp-content\/uploads\/2024\/07\/image9.jpeg\" \/>\n\t<meta property=\"og:image:width\" content=\"2048\" \/>\n\t<meta property=\"og:image:height\" content=\"1152\" \/>\n\t<meta property=\"og:image:type\" content=\"image\/jpeg\" \/>\n<meta name=\"author\" content=\"miba\" \/>\n<meta name=\"twitter:card\" content=\"summary_large_image\" \/>\n<meta name=\"twitter:label1\" content=\"\u00c9crit par\" \/>\n\t<meta name=\"twitter:data1\" content=\"miba\" \/>\n\t<meta name=\"twitter:label2\" content=\"Dur\u00e9e de lecture estim\u00e9e\" \/>\n\t<meta name=\"twitter:data2\" content=\"1 minute\" \/>\n<script type=\"application\/ld+json\" class=\"yoast-schema-graph\">{\"@context\":\"https:\/\/schema.org\",\"@graph\":[{\"@type\":\"WebPage\",\"@id\":\"https:\/\/www.miba.it\/miba-blenchexpo\/\",\"url\":\"https:\/\/www.miba.it\/miba-blenchexpo\/\",\"name\":\"Miba al BlenchExpo 2023 | MIBA\",\"isPartOf\":{\"@id\":\"https:\/\/www.miba.it\/#website\"},\"primaryImageOfPage\":{\"@id\":\"https:\/\/www.miba.it\/miba-blenchexpo\/#primaryimage\"},\"image\":{\"@id\":\"https:\/\/www.miba.it\/miba-blenchexpo\/#primaryimage\"},\"thumbnailUrl\":\"https:\/\/www.miba.it\/wp-content\/uploads\/2024\/07\/image9.jpeg\",\"datePublished\":\"2024-08-28T15:30:33+00:00\",\"dateModified\":\"2025-03-24T09:36:59+00:00\",\"author\":{\"@id\":\"https:\/\/www.miba.it\/#\/schema\/person\/ad053114ce1998cabb3a7899742f55d5\"},\"description\":\"MIBA ha partecipato al BlenchExpo 2023 a Stoccarda, la fiera internazionale leader per la lavorazione della lamiera.\",\"breadcrumb\":{\"@id\":\"https:\/\/www.miba.it\/miba-blenchexpo\/#breadcrumb\"},\"inLanguage\":\"fr-FR\",\"potentialAction\":[{\"@type\":\"ReadAction\",\"target\":[\"https:\/\/www.miba.it\/miba-blenchexpo\/\"]}]},{\"@type\":\"ImageObject\",\"inLanguage\":\"fr-FR\",\"@id\":\"https:\/\/www.miba.it\/miba-blenchexpo\/#primaryimage\",\"url\":\"https:\/\/www.miba.it\/wp-content\/uploads\/2024\/07\/image9.jpeg\",\"contentUrl\":\"https:\/\/www.miba.it\/wp-content\/uploads\/2024\/07\/image9.jpeg\",\"width\":2048,\"height\":1152},{\"@type\":\"BreadcrumbList\",\"@id\":\"https:\/\/www.miba.it\/miba-blenchexpo\/#breadcrumb\",\"itemListElement\":[{\"@type\":\"ListItem\",\"position\":1,\"name\":\"Home\",\"item\":\"https:\/\/www.miba.it\/\"},{\"@type\":\"ListItem\",\"position\":2,\"name\":\"Miba al BlenchExpo 2023\"}]},{\"@type\":\"WebSite\",\"@id\":\"https:\/\/www.miba.it\/#website\",\"url\":\"https:\/\/www.miba.it\/\",\"name\":\"MIBA\",\"description\":\"The outsourcing solution\",\"potentialAction\":[{\"@type\":\"SearchAction\",\"target\":{\"@type\":\"EntryPoint\",\"urlTemplate\":\"https:\/\/www.miba.it\/?s={search_term_string}\"},\"query-input\":{\"@type\":\"PropertyValueSpecification\",\"valueRequired\":true,\"valueName\":\"search_term_string\"}}],\"inLanguage\":\"fr-FR\"},{\"@type\":\"Person\",\"@id\":\"https:\/\/www.miba.it\/#\/schema\/person\/ad053114ce1998cabb3a7899742f55d5\",\"name\":\"miba\",\"image\":{\"@type\":\"ImageObject\",\"inLanguage\":\"fr-FR\",\"@id\":\"https:\/\/www.miba.it\/#\/schema\/person\/image\/\",\"url\":\"https:\/\/secure.gravatar.com\/avatar\/e018ce940cf08a037c3dd55352eb3a90507f1a9a0b53a290d84299b0d52ac709?s=96&d=mm&r=g\",\"contentUrl\":\"https:\/\/secure.gravatar.com\/avatar\/e018ce940cf08a037c3dd55352eb3a90507f1a9a0b53a290d84299b0d52ac709?s=96&d=mm&r=g\",\"caption\":\"miba\"},\"sameAs\":[\"https:\/\/www.miba.it\"]}]}<\/script>\n<!-- \/ Yoast SEO plugin. -->","yoast_head_json":{"title":"Miba \u00e0 BlenchExpo 2023 | MIBA","description":"MIBA a particip\u00e9 \u00e0 BlenchExpo 2023 \u00e0 Stuttgart, le principal salon international du travail de la t\u00f4le.","robots":{"index":"index","follow":"follow","max-snippet":"max-snippet:-1","max-image-preview":"max-image-preview:large","max-video-preview":"max-video-preview:-1"},"canonical":"https:\/\/www.miba.it\/fr\/miba-blenchexpo\/","og_locale":"fr_FR","og_type":"article","og_title":"Miba al BlenchExpo 2023 | MIBA","og_description":"MIBA ha partecipato al BlenchExpo 2023 a Stoccarda, la fiera internazionale leader per la lavorazione della lamiera.","og_url":"https:\/\/www.miba.it\/fr\/miba-blenchexpo\/","og_site_name":"MIBA","article_published_time":"2024-08-28T15:30:33+00:00","article_modified_time":"2025-03-24T09:36:59+00:00","og_image":[{"width":2048,"height":1152,"url":"https:\/\/www.miba.it\/wp-content\/uploads\/2024\/07\/image9.jpeg","type":"image\/jpeg"}],"author":"miba","twitter_card":"summary_large_image","twitter_misc":{"\u00c9crit par":"miba","Dur\u00e9e de lecture estim\u00e9e":"1 minute"},"schema":{"@context":"https:\/\/schema.org","@graph":[{"@type":"WebPage","@id":"https:\/\/www.miba.it\/miba-blenchexpo\/","url":"https:\/\/www.miba.it\/miba-blenchexpo\/","name":"Miba \u00e0 BlenchExpo 2023 | MIBA","isPartOf":{"@id":"https:\/\/www.miba.it\/#website"},"primaryImageOfPage":{"@id":"https:\/\/www.miba.it\/miba-blenchexpo\/#primaryimage"},"image":{"@id":"https:\/\/www.miba.it\/miba-blenchexpo\/#primaryimage"},"thumbnailUrl":"https:\/\/www.miba.it\/wp-content\/uploads\/2024\/07\/image9.jpeg","datePublished":"2024-08-28T15:30:33+00:00","dateModified":"2025-03-24T09:36:59+00:00","author":{"@id":"https:\/\/www.miba.it\/#\/schema\/person\/ad053114ce1998cabb3a7899742f55d5"},"description":"MIBA a particip\u00e9 \u00e0 BlenchExpo 2023 \u00e0 Stuttgart, le principal salon international du travail de la t\u00f4le.","breadcrumb":{"@id":"https:\/\/www.miba.it\/miba-blenchexpo\/#breadcrumb"},"inLanguage":"fr-FR","potentialAction":[{"@type":"ReadAction","target":["https:\/\/www.miba.it\/miba-blenchexpo\/"]}]},{"@type":"ImageObject","inLanguage":"fr-FR","@id":"https:\/\/www.miba.it\/miba-blenchexpo\/#primaryimage","url":"https:\/\/www.miba.it\/wp-content\/uploads\/2024\/07\/image9.jpeg","contentUrl":"https:\/\/www.miba.it\/wp-content\/uploads\/2024\/07\/image9.jpeg","width":2048,"height":1152},{"@type":"BreadcrumbList","@id":"https:\/\/www.miba.it\/miba-blenchexpo\/#breadcrumb","itemListElement":[{"@type":"ListItem","position":1,"name":"Home","item":"https:\/\/www.miba.it\/"},{"@type":"ListItem","position":2,"name":"Miba al BlenchExpo 2023"}]},{"@type":"WebSite","@id":"https:\/\/www.miba.it\/#website","url":"https:\/\/www.miba.it\/","name":"MIBA","description":"La solution d'externalisation","potentialAction":[{"@type":"SearchAction","target":{"@type":"EntryPoint","urlTemplate":"https:\/\/www.miba.it\/?s={search_term_string}"},"query-input":{"@type":"PropertyValueSpecification","valueRequired":true,"valueName":"search_term_string"}}],"inLanguage":"fr-FR"},{"@type":"Person","@id":"https:\/\/www.miba.it\/#\/schema\/person\/ad053114ce1998cabb3a7899742f55d5","name":"miba","image":{"@type":"ImageObject","inLanguage":"fr-FR","@id":"https:\/\/www.miba.it\/#\/schema\/person\/image\/","url":"https:\/\/secure.gravatar.com\/avatar\/e018ce940cf08a037c3dd55352eb3a90507f1a9a0b53a290d84299b0d52ac709?s=96&d=mm&r=g","contentUrl":"https:\/\/secure.gravatar.com\/avatar\/e018ce940cf08a037c3dd55352eb3a90507f1a9a0b53a290d84299b0d52ac709?s=96&d=mm&r=g","caption":"miba"},"sameAs":["https:\/\/www.miba.it"]}]}},"_links":{"self":[{"href":"https:\/\/www.miba.it\/fr\/wp-json\/wp\/v2\/posts\/592","targetHints":{"allow":["GET"]}}],"collection":[{"href":"https:\/\/www.miba.it\/fr\/wp-json\/wp\/v2\/posts"}],"about":[{"href":"https:\/\/www.miba.it\/fr\/wp-json\/wp\/v2\/types\/post"}],"author":[{"embeddable":true,"href":"https:\/\/www.miba.it\/fr\/wp-json\/wp\/v2\/users\/1"}],"replies":[{"embeddable":true,"href":"https:\/\/www.miba.it\/fr\/wp-json\/wp\/v2\/comments?post=592"}],"version-history":[{"count":1,"href":"https:\/\/www.miba.it\/fr\/wp-json\/wp\/v2\/posts\/592\/revisions"}],"predecessor-version":[{"id":1354,"href":"https:\/\/www.miba.it\/fr\/wp-json\/wp\/v2\/posts\/592\/revisions\/1354"}],"wp:featuredmedia":[{"embeddable":true,"href":"https:\/\/www.miba.it\/fr\/wp-json\/wp\/v2\/media\/551"}],"wp:attachment":[{"href":"https:\/\/www.miba.it\/fr\/wp-json\/wp\/v2\/media?parent=592"}],"wp:term":[{"taxonomy":"category","embeddable":true,"href":"https:\/\/www.miba.it\/fr\/wp-json\/wp\/v2\/categories?post=592"},{"taxonomy":"post_tag","embeddable":true,"href":"https:\/\/www.miba.it\/fr\/wp-json\/wp\/v2\/tags?post=592"}],"curies":[{"name":"wp","href":"https:\/\/api.w.org\/{rel}","templated":true}]}}