{"id":584,"date":"2024-08-28T15:28:14","date_gmt":"2024-08-28T15:28:14","guid":{"rendered":"https:\/\/www.miba.it\/?p=584"},"modified":"2025-03-24T09:46:02","modified_gmt":"2025-03-24T09:46:02","slug":"miba-ahk-italien","status":"publish","type":"post","link":"https:\/\/www.miba.it\/fr\/miba-ahk-italien\/","title":{"rendered":"Miba participe \u00e0 l'\u00e9v\u00e9nement 'AHK Italien"},"content":{"rendered":"<p>12.06.2024 - Aujourd'hui, Miba a particip\u00e9 \u00e0 une r\u00e9union avec des entreprises allemandes organis\u00e9e par l'Agence europ\u00e9enne pour la reconstruction. <strong>Chambre de commerce germano-italienne<\/strong> (AHKItalien) \u00e0 Milan.<\/p>\n<p>Cette r\u00e9union a permis d'unir deux r\u00e9alit\u00e9s \u00e9conomiques majeures sur la sc\u00e8ne mondiale, en cr\u00e9ant un pont de synergies et d'opportunit\u00e9s destin\u00e9 \u00e0 renforcer les deux \u00e9conomies.<\/p>\n<p>Merci \u00e0 <strong>AHK Italien<\/strong> pour l'organisation impeccable de l'\u00e9v\u00e9nement, l'espace fourni, l'atmosph\u00e8re constructive et l'attention port\u00e9e aux d\u00e9tails organisationnels qui ont favoris\u00e9 une mise en r\u00e9seau fructueuse et stimulante.<\/p>\n<p>Dans un paysage international en constante \u00e9volution, des \u00e9v\u00e9nements comme celui-ci repr\u00e9sentent une initiative importante. La vision de AHK Italien de saisir l'opportunit\u00e9 de dialogue et de coop\u00e9ration entre les entreprises italiennes et allemandes est une action concr\u00e8te utile pour favoriser les relations entre les deux \u00e9conomies et les entreprises impliqu\u00e9es.<\/p>\n<p>Merci \u00e0 AHK Italien d'avoir rendu possible cette rencontre pleine d'id\u00e9es et de nouvelles opportunit\u00e9s !<\/p>\n<p>&nbsp;<\/p>","protected":false},"excerpt":{"rendered":"<p>12.06.2024 &#8211; Oggi Miba ha partecipato all&#8217;incontro con aziende tedesche organizzato dalla Camera di Commercio Italo-Germanica (AHKItalien) a Milano. Un incontro che ha unito due realt\u00e0 economiche di rilievo nel panorama globale, creando un ponte di sinergie e opportunit\u00e0 destinate a impreziosire entrambe le economie. Ringraziamenti ad AHK Italien per l&#8217;organizzazione impeccabile dell&#8217;evento, gli spazi [&#8230;]<\/p>\n<p><a class=\"btn btn-secondary redapple-read-more-link\" href=\"https:\/\/www.miba.it\/fr\/miba-ahk-italien\/\">Lire la suite&#8230;<\/a><\/p>\n","protected":false},"author":1,"featured_media":533,"comment_status":"open","ping_status":"closed","sticky":false,"template":"","format":"standard","meta":{"_acf_changed":false,"_yoast_wpseo_focuskw":"","_yoast_wpseo_title":"","_yoast_wpseo_metadesc":"MIBA all'evento AHK Italien: un incontro tra aziende italiane e tedesche. Scopri le opportunit\u00e0 promosse dalla Camera di Commercio Italo-Germanica.","inline_featured_image":false,"footnotes":""},"categories":[3],"tags":[],"class_list":["post-584","post","type-post","status-publish","format-standard","has-post-thumbnail","hentry","category-eventi"],"acf":{"tv_meta_title_en":"","tv_meta_desc_en":"","tv_meta_title_fr":"","tv_meta_desc_fr":"","tv_meta_title_de":"","tv_meta_desc_de":""},"yoast_head":"<!-- This site is optimized with the Yoast SEO plugin v26.6 - https:\/\/yoast.com\/wordpress\/plugins\/seo\/ -->\n<title>Miba partecipa all\u2019evento &quot;AHK Italien&quot; | MIBA<\/title>\n<meta name=\"description\" content=\"MIBA all&#039;evento AHK Italien: un incontro tra aziende italiane e tedesche. Scopri le opportunit\u00e0 promosse dalla Camera di Commercio Italo-Germanica.\" \/>\n<meta name=\"robots\" content=\"index, follow, max-snippet:-1, max-image-preview:large, max-video-preview:-1\" \/>\n<link rel=\"canonical\" href=\"https:\/\/www.miba.it\/fr\/miba-ahk-italien\/\" \/>\n<meta property=\"og:locale\" content=\"fr_FR\" \/>\n<meta property=\"og:type\" content=\"article\" \/>\n<meta property=\"og:title\" content=\"Miba partecipa all\u2019evento &quot;AHK Italien&quot; | MIBA\" \/>\n<meta property=\"og:description\" content=\"MIBA all&#039;evento AHK Italien: un incontro tra aziende italiane e tedesche. Scopri le opportunit\u00e0 promosse dalla Camera di Commercio Italo-Germanica.\" \/>\n<meta property=\"og:url\" content=\"https:\/\/www.miba.it\/fr\/miba-ahk-italien\/\" \/>\n<meta property=\"og:site_name\" content=\"MIBA\" \/>\n<meta property=\"article:published_time\" content=\"2024-08-28T15:28:14+00:00\" \/>\n<meta property=\"article:modified_time\" content=\"2025-03-24T09:46:02+00:00\" \/>\n<meta property=\"og:image\" content=\"https:\/\/www.miba.it\/wp-content\/uploads\/2024\/07\/image5.jpeg\" \/>\n\t<meta property=\"og:image:width\" content=\"429\" \/>\n\t<meta property=\"og:image:height\" content=\"239\" \/>\n\t<meta property=\"og:image:type\" content=\"image\/jpeg\" \/>\n<meta name=\"author\" content=\"miba\" \/>\n<meta name=\"twitter:card\" content=\"summary_large_image\" \/>\n<meta name=\"twitter:label1\" content=\"\u00c9crit par\" \/>\n\t<meta name=\"twitter:data1\" content=\"miba\" \/>\n\t<meta name=\"twitter:label2\" content=\"Dur\u00e9e de lecture estim\u00e9e\" \/>\n\t<meta name=\"twitter:data2\" content=\"1 minute\" \/>\n<script type=\"application\/ld+json\" class=\"yoast-schema-graph\">{\"@context\":\"https:\/\/schema.org\",\"@graph\":[{\"@type\":\"WebPage\",\"@id\":\"https:\/\/www.miba.it\/miba-ahk-italien\/\",\"url\":\"https:\/\/www.miba.it\/miba-ahk-italien\/\",\"name\":\"Miba partecipa all\u2019evento \\\"AHK Italien\\\" | MIBA\",\"isPartOf\":{\"@id\":\"https:\/\/www.miba.it\/#website\"},\"primaryImageOfPage\":{\"@id\":\"https:\/\/www.miba.it\/miba-ahk-italien\/#primaryimage\"},\"image\":{\"@id\":\"https:\/\/www.miba.it\/miba-ahk-italien\/#primaryimage\"},\"thumbnailUrl\":\"https:\/\/www.miba.it\/wp-content\/uploads\/2024\/07\/image5.jpeg\",\"datePublished\":\"2024-08-28T15:28:14+00:00\",\"dateModified\":\"2025-03-24T09:46:02+00:00\",\"author\":{\"@id\":\"https:\/\/www.miba.it\/#\/schema\/person\/ad053114ce1998cabb3a7899742f55d5\"},\"description\":\"MIBA all'evento AHK Italien: un incontro tra aziende italiane e tedesche. Scopri le opportunit\u00e0 promosse dalla Camera di Commercio Italo-Germanica.\",\"breadcrumb\":{\"@id\":\"https:\/\/www.miba.it\/miba-ahk-italien\/#breadcrumb\"},\"inLanguage\":\"fr-FR\",\"potentialAction\":[{\"@type\":\"ReadAction\",\"target\":[\"https:\/\/www.miba.it\/miba-ahk-italien\/\"]}]},{\"@type\":\"ImageObject\",\"inLanguage\":\"fr-FR\",\"@id\":\"https:\/\/www.miba.it\/miba-ahk-italien\/#primaryimage\",\"url\":\"https:\/\/www.miba.it\/wp-content\/uploads\/2024\/07\/image5.jpeg\",\"contentUrl\":\"https:\/\/www.miba.it\/wp-content\/uploads\/2024\/07\/image5.jpeg\",\"width\":429,\"height\":239},{\"@type\":\"BreadcrumbList\",\"@id\":\"https:\/\/www.miba.it\/miba-ahk-italien\/#breadcrumb\",\"itemListElement\":[{\"@type\":\"ListItem\",\"position\":1,\"name\":\"Home\",\"item\":\"https:\/\/www.miba.it\/\"},{\"@type\":\"ListItem\",\"position\":2,\"name\":\"Miba partecipa all\u2019evento &#8220;AHK Italien&#8221;\"}]},{\"@type\":\"WebSite\",\"@id\":\"https:\/\/www.miba.it\/#website\",\"url\":\"https:\/\/www.miba.it\/\",\"name\":\"MIBA\",\"description\":\"The outsourcing solution\",\"potentialAction\":[{\"@type\":\"SearchAction\",\"target\":{\"@type\":\"EntryPoint\",\"urlTemplate\":\"https:\/\/www.miba.it\/?s={search_term_string}\"},\"query-input\":{\"@type\":\"PropertyValueSpecification\",\"valueRequired\":true,\"valueName\":\"search_term_string\"}}],\"inLanguage\":\"fr-FR\"},{\"@type\":\"Person\",\"@id\":\"https:\/\/www.miba.it\/#\/schema\/person\/ad053114ce1998cabb3a7899742f55d5\",\"name\":\"miba\",\"image\":{\"@type\":\"ImageObject\",\"inLanguage\":\"fr-FR\",\"@id\":\"https:\/\/www.miba.it\/#\/schema\/person\/image\/\",\"url\":\"https:\/\/secure.gravatar.com\/avatar\/e018ce940cf08a037c3dd55352eb3a90507f1a9a0b53a290d84299b0d52ac709?s=96&d=mm&r=g\",\"contentUrl\":\"https:\/\/secure.gravatar.com\/avatar\/e018ce940cf08a037c3dd55352eb3a90507f1a9a0b53a290d84299b0d52ac709?s=96&d=mm&r=g\",\"caption\":\"miba\"},\"sameAs\":[\"https:\/\/www.miba.it\"]}]}<\/script>\n<!-- \/ Yoast SEO plugin. -->","yoast_head_json":{"title":"Miba participe \u00e0 l'\u00e9v\u00e9nement 'AHK Italien' | MIBA","description":"MIBA \u00e0 l'\u00e9v\u00e9nement AHK Italien : une rencontre entre entreprises italiennes et allemandes. D\u00e9couvrez les opportunit\u00e9s promues par la Chambre de commerce italo-allemande.","robots":{"index":"index","follow":"follow","max-snippet":"max-snippet:-1","max-image-preview":"max-image-preview:large","max-video-preview":"max-video-preview:-1"},"canonical":"https:\/\/www.miba.it\/fr\/miba-ahk-italien\/","og_locale":"fr_FR","og_type":"article","og_title":"Miba partecipa all\u2019evento \"AHK Italien\" | MIBA","og_description":"MIBA all'evento AHK Italien: un incontro tra aziende italiane e tedesche. Scopri le opportunit\u00e0 promosse dalla Camera di Commercio Italo-Germanica.","og_url":"https:\/\/www.miba.it\/fr\/miba-ahk-italien\/","og_site_name":"MIBA","article_published_time":"2024-08-28T15:28:14+00:00","article_modified_time":"2025-03-24T09:46:02+00:00","og_image":[{"width":429,"height":239,"url":"https:\/\/www.miba.it\/wp-content\/uploads\/2024\/07\/image5.jpeg","type":"image\/jpeg"}],"author":"miba","twitter_card":"summary_large_image","twitter_misc":{"\u00c9crit par":"miba","Dur\u00e9e de lecture estim\u00e9e":"1 minute"},"schema":{"@context":"https:\/\/schema.org","@graph":[{"@type":"WebPage","@id":"https:\/\/www.miba.it\/miba-ahk-italien\/","url":"https:\/\/www.miba.it\/miba-ahk-italien\/","name":"Miba participe \u00e0 l'\u00e9v\u00e9nement 'AHK Italien' | MIBA","isPartOf":{"@id":"https:\/\/www.miba.it\/#website"},"primaryImageOfPage":{"@id":"https:\/\/www.miba.it\/miba-ahk-italien\/#primaryimage"},"image":{"@id":"https:\/\/www.miba.it\/miba-ahk-italien\/#primaryimage"},"thumbnailUrl":"https:\/\/www.miba.it\/wp-content\/uploads\/2024\/07\/image5.jpeg","datePublished":"2024-08-28T15:28:14+00:00","dateModified":"2025-03-24T09:46:02+00:00","author":{"@id":"https:\/\/www.miba.it\/#\/schema\/person\/ad053114ce1998cabb3a7899742f55d5"},"description":"MIBA \u00e0 l'\u00e9v\u00e9nement AHK Italien : une rencontre entre entreprises italiennes et allemandes. D\u00e9couvrez les opportunit\u00e9s promues par la Chambre de commerce italo-allemande.","breadcrumb":{"@id":"https:\/\/www.miba.it\/miba-ahk-italien\/#breadcrumb"},"inLanguage":"fr-FR","potentialAction":[{"@type":"ReadAction","target":["https:\/\/www.miba.it\/miba-ahk-italien\/"]}]},{"@type":"ImageObject","inLanguage":"fr-FR","@id":"https:\/\/www.miba.it\/miba-ahk-italien\/#primaryimage","url":"https:\/\/www.miba.it\/wp-content\/uploads\/2024\/07\/image5.jpeg","contentUrl":"https:\/\/www.miba.it\/wp-content\/uploads\/2024\/07\/image5.jpeg","width":429,"height":239},{"@type":"BreadcrumbList","@id":"https:\/\/www.miba.it\/miba-ahk-italien\/#breadcrumb","itemListElement":[{"@type":"ListItem","position":1,"name":"Home","item":"https:\/\/www.miba.it\/"},{"@type":"ListItem","position":2,"name":"Miba partecipa all\u2019evento &#8220;AHK Italien&#8221;"}]},{"@type":"WebSite","@id":"https:\/\/www.miba.it\/#website","url":"https:\/\/www.miba.it\/","name":"MIBA","description":"La solution d'externalisation","potentialAction":[{"@type":"SearchAction","target":{"@type":"EntryPoint","urlTemplate":"https:\/\/www.miba.it\/?s={search_term_string}"},"query-input":{"@type":"PropertyValueSpecification","valueRequired":true,"valueName":"search_term_string"}}],"inLanguage":"fr-FR"},{"@type":"Person","@id":"https:\/\/www.miba.it\/#\/schema\/person\/ad053114ce1998cabb3a7899742f55d5","name":"miba","image":{"@type":"ImageObject","inLanguage":"fr-FR","@id":"https:\/\/www.miba.it\/#\/schema\/person\/image\/","url":"https:\/\/secure.gravatar.com\/avatar\/e018ce940cf08a037c3dd55352eb3a90507f1a9a0b53a290d84299b0d52ac709?s=96&d=mm&r=g","contentUrl":"https:\/\/secure.gravatar.com\/avatar\/e018ce940cf08a037c3dd55352eb3a90507f1a9a0b53a290d84299b0d52ac709?s=96&d=mm&r=g","caption":"miba"},"sameAs":["https:\/\/www.miba.it"]}]}},"_links":{"self":[{"href":"https:\/\/www.miba.it\/fr\/wp-json\/wp\/v2\/posts\/584","targetHints":{"allow":["GET"]}}],"collection":[{"href":"https:\/\/www.miba.it\/fr\/wp-json\/wp\/v2\/posts"}],"about":[{"href":"https:\/\/www.miba.it\/fr\/wp-json\/wp\/v2\/types\/post"}],"author":[{"embeddable":true,"href":"https:\/\/www.miba.it\/fr\/wp-json\/wp\/v2\/users\/1"}],"replies":[{"embeddable":true,"href":"https:\/\/www.miba.it\/fr\/wp-json\/wp\/v2\/comments?post=584"}],"version-history":[{"count":1,"href":"https:\/\/www.miba.it\/fr\/wp-json\/wp\/v2\/posts\/584\/revisions"}],"predecessor-version":[{"id":1359,"href":"https:\/\/www.miba.it\/fr\/wp-json\/wp\/v2\/posts\/584\/revisions\/1359"}],"wp:featuredmedia":[{"embeddable":true,"href":"https:\/\/www.miba.it\/fr\/wp-json\/wp\/v2\/media\/533"}],"wp:attachment":[{"href":"https:\/\/www.miba.it\/fr\/wp-json\/wp\/v2\/media?parent=584"}],"wp:term":[{"taxonomy":"category","embeddable":true,"href":"https:\/\/www.miba.it\/fr\/wp-json\/wp\/v2\/categories?post=584"},{"taxonomy":"post_tag","embeddable":true,"href":"https:\/\/www.miba.it\/fr\/wp-json\/wp\/v2\/tags?post=584"}],"curies":[{"name":"wp","href":"https:\/\/api.w.org\/{rel}","templated":true}]}}