{"id":586,"date":"2024-08-28T15:28:52","date_gmt":"2024-08-28T15:28:52","guid":{"rendered":"https:\/\/www.miba.it\/?p=586"},"modified":"2025-04-21T07:41:19","modified_gmt":"2025-04-21T07:41:19","slug":"confindustria-emilia-center-area","status":"publish","type":"post","link":"https:\/\/www.miba.it\/en\/confindustria-emilia-center-area\/","title":{"rendered":"Miba &amp; Confindustria Emilia Center"},"content":{"rendered":"<p>10.05.2024 - Today, as we look back, we remember all these first 45 years of dedication, innovation and growth.<\/p>\n<p>From our inception as a precision metalworking company, Miba has distinguished itself from the outset for its seriousness, flexibility, productivity and competence, in a continuous evolution that has led us to also become a supplier of electromechanical apparatus tested and ready for commercialization.<\/p>\n<p>Over the years, we have navigated through changing market developments, adapting and innovating to meet the needs of our customers. Our ability to anticipate and respond to market trends has enabled us to evolve in the subcontracting industry by increasingly increasing our expertise and services.<\/p>\n<p>Today, Miba is recognized for quality and reliability, and our growth and success are the result of the passion, commitment, and dedication of each member of our team.<\/p>\n<p>As we celebrate our 45th anniversary, we want to thank all our employees, customers and partners for their unwavering support and trust. We now continue on this path and look to the future with enthusiasm and confidence for what the coming years will hold.<\/p>\n<p>Thank you all for being part of our journey, let's continue to build the future together!<\/p>\n<p>&nbsp;<\/p>","protected":false},"excerpt":{"rendered":"<p>10.05.2024 &#8211; Oggi, volgendo uno sguardo al passato, ricordiamo tutti questi primi 45 anni di dedizione, innovazione e crescita. Dal nostro inizio come azienda di carpenteria metallica di precisione, Miba si \u00e8 distinta da subito per seriet\u00e0, flessibilit\u00e0, produttivit\u00e0 e competenza, in una continua evoluzione che ci ha portati a diventare anche un fornitore di [&#8230;]<\/p>\n<p><a class=\"btn btn-secondary redapple-read-more-link\" href=\"https:\/\/www.miba.it\/en\/confindustria-emilia-center-area\/\">Read More&#8230;<\/a><\/p>\n","protected":false},"author":1,"featured_media":536,"comment_status":"open","ping_status":"closed","sticky":false,"template":"","format":"standard","meta":{"_acf_changed":false,"_yoast_wpseo_focuskw":"","_yoast_wpseo_title":"Miba con Confindustria Emilia Area Centro","_yoast_wpseo_metadesc":"MIBA premiata da Confindustria Emilia Area Centro! Scopri la storia di successo di un'azienda leader nella carpenteria metallica.","inline_featured_image":false,"footnotes":""},"categories":[4],"tags":[],"class_list":["post-586","post","type-post","status-publish","format-standard","has-post-thumbnail","hentry","category-riconoscimenti"],"acf":{"tv_meta_title_en":"","tv_meta_desc_en":"","tv_meta_title_fr":"","tv_meta_desc_fr":"","tv_meta_title_de":"","tv_meta_desc_de":""},"yoast_head":"<!-- This site is optimized with the Yoast SEO plugin v26.6 - https:\/\/yoast.com\/wordpress\/plugins\/seo\/ -->\n<title>Miba con Confindustria Emilia Area Centro<\/title>\n<meta name=\"description\" content=\"MIBA premiata da Confindustria Emilia Area Centro! Scopri la storia di successo di un&#039;azienda leader nella carpenteria metallica.\" \/>\n<meta name=\"robots\" content=\"index, follow, max-snippet:-1, max-image-preview:large, max-video-preview:-1\" \/>\n<link rel=\"canonical\" href=\"https:\/\/www.miba.it\/en\/confindustria-emilia-center-area\/\" \/>\n<meta property=\"og:locale\" content=\"en_US\" \/>\n<meta property=\"og:type\" content=\"article\" \/>\n<meta property=\"og:title\" content=\"Miba con Confindustria Emilia Area Centro\" \/>\n<meta property=\"og:description\" content=\"MIBA premiata da Confindustria Emilia Area Centro! Scopri la storia di successo di un&#039;azienda leader nella carpenteria metallica.\" \/>\n<meta property=\"og:url\" content=\"https:\/\/www.miba.it\/en\/confindustria-emilia-center-area\/\" \/>\n<meta property=\"og:site_name\" content=\"MIBA\" \/>\n<meta property=\"article:published_time\" content=\"2024-08-28T15:28:52+00:00\" \/>\n<meta property=\"article:modified_time\" content=\"2025-04-21T07:41:19+00:00\" \/>\n<meta property=\"og:image\" content=\"https:\/\/www.miba.it\/wp-content\/uploads\/2024\/07\/image6.jpeg\" \/>\n\t<meta property=\"og:image:width\" content=\"566\" \/>\n\t<meta property=\"og:image:height\" content=\"631\" \/>\n\t<meta property=\"og:image:type\" content=\"image\/jpeg\" \/>\n<meta name=\"author\" content=\"miba\" \/>\n<meta name=\"twitter:card\" content=\"summary_large_image\" \/>\n<meta name=\"twitter:label1\" content=\"Written by\" \/>\n\t<meta name=\"twitter:data1\" content=\"miba\" \/>\n\t<meta name=\"twitter:label2\" content=\"Est. reading time\" \/>\n\t<meta name=\"twitter:data2\" content=\"2 minutes\" \/>\n<script type=\"application\/ld+json\" class=\"yoast-schema-graph\">{\"@context\":\"https:\/\/schema.org\",\"@graph\":[{\"@type\":\"WebPage\",\"@id\":\"https:\/\/www.miba.it\/confindustria-emilia-area-centro\/\",\"url\":\"https:\/\/www.miba.it\/confindustria-emilia-area-centro\/\",\"name\":\"Miba con Confindustria Emilia Area Centro\",\"isPartOf\":{\"@id\":\"https:\/\/www.miba.it\/#website\"},\"primaryImageOfPage\":{\"@id\":\"https:\/\/www.miba.it\/confindustria-emilia-area-centro\/#primaryimage\"},\"image\":{\"@id\":\"https:\/\/www.miba.it\/confindustria-emilia-area-centro\/#primaryimage\"},\"thumbnailUrl\":\"https:\/\/www.miba.it\/wp-content\/uploads\/2024\/07\/image6.jpeg\",\"datePublished\":\"2024-08-28T15:28:52+00:00\",\"dateModified\":\"2025-04-21T07:41:19+00:00\",\"author\":{\"@id\":\"https:\/\/www.miba.it\/#\/schema\/person\/ad053114ce1998cabb3a7899742f55d5\"},\"description\":\"MIBA premiata da Confindustria Emilia Area Centro! Scopri la storia di successo di un'azienda leader nella carpenteria metallica.\",\"breadcrumb\":{\"@id\":\"https:\/\/www.miba.it\/confindustria-emilia-area-centro\/#breadcrumb\"},\"inLanguage\":\"en-US\",\"potentialAction\":[{\"@type\":\"ReadAction\",\"target\":[\"https:\/\/www.miba.it\/confindustria-emilia-area-centro\/\"]}]},{\"@type\":\"ImageObject\",\"inLanguage\":\"en-US\",\"@id\":\"https:\/\/www.miba.it\/confindustria-emilia-area-centro\/#primaryimage\",\"url\":\"https:\/\/www.miba.it\/wp-content\/uploads\/2024\/07\/image6.jpeg\",\"contentUrl\":\"https:\/\/www.miba.it\/wp-content\/uploads\/2024\/07\/image6.jpeg\",\"width\":566,\"height\":631},{\"@type\":\"BreadcrumbList\",\"@id\":\"https:\/\/www.miba.it\/confindustria-emilia-area-centro\/#breadcrumb\",\"itemListElement\":[{\"@type\":\"ListItem\",\"position\":1,\"name\":\"Home\",\"item\":\"https:\/\/www.miba.it\/\"},{\"@type\":\"ListItem\",\"position\":2,\"name\":\"Consegna delle targhe celebrative per gli associati Confindustria Emilia Area centro\"}]},{\"@type\":\"WebSite\",\"@id\":\"https:\/\/www.miba.it\/#website\",\"url\":\"https:\/\/www.miba.it\/\",\"name\":\"MIBA\",\"description\":\"The outsourcing solution\",\"potentialAction\":[{\"@type\":\"SearchAction\",\"target\":{\"@type\":\"EntryPoint\",\"urlTemplate\":\"https:\/\/www.miba.it\/?s={search_term_string}\"},\"query-input\":{\"@type\":\"PropertyValueSpecification\",\"valueRequired\":true,\"valueName\":\"search_term_string\"}}],\"inLanguage\":\"en-US\"},{\"@type\":\"Person\",\"@id\":\"https:\/\/www.miba.it\/#\/schema\/person\/ad053114ce1998cabb3a7899742f55d5\",\"name\":\"miba\",\"image\":{\"@type\":\"ImageObject\",\"inLanguage\":\"en-US\",\"@id\":\"https:\/\/www.miba.it\/#\/schema\/person\/image\/\",\"url\":\"https:\/\/secure.gravatar.com\/avatar\/e018ce940cf08a037c3dd55352eb3a90507f1a9a0b53a290d84299b0d52ac709?s=96&d=mm&r=g\",\"contentUrl\":\"https:\/\/secure.gravatar.com\/avatar\/e018ce940cf08a037c3dd55352eb3a90507f1a9a0b53a290d84299b0d52ac709?s=96&d=mm&r=g\",\"caption\":\"miba\"},\"sameAs\":[\"https:\/\/www.miba.it\"]}]}<\/script>\n<!-- \/ Yoast SEO plugin. -->","yoast_head_json":{"title":"Miba with Confindustria Emilia Area Centro","description":"MIBA honored by Confindustria Emilia Area Centro! Learn about the success story of a leading metal carpentry company.","robots":{"index":"index","follow":"follow","max-snippet":"max-snippet:-1","max-image-preview":"max-image-preview:large","max-video-preview":"max-video-preview:-1"},"canonical":"https:\/\/www.miba.it\/en\/confindustria-emilia-center-area\/","og_locale":"en_US","og_type":"article","og_title":"Miba con Confindustria Emilia Area Centro","og_description":"MIBA premiata da Confindustria Emilia Area Centro! Scopri la storia di successo di un'azienda leader nella carpenteria metallica.","og_url":"https:\/\/www.miba.it\/en\/confindustria-emilia-center-area\/","og_site_name":"MIBA","article_published_time":"2024-08-28T15:28:52+00:00","article_modified_time":"2025-04-21T07:41:19+00:00","og_image":[{"width":566,"height":631,"url":"https:\/\/www.miba.it\/wp-content\/uploads\/2024\/07\/image6.jpeg","type":"image\/jpeg"}],"author":"miba","twitter_card":"summary_large_image","twitter_misc":{"Written by":"miba","Est. reading time":"2 minutes"},"schema":{"@context":"https:\/\/schema.org","@graph":[{"@type":"WebPage","@id":"https:\/\/www.miba.it\/confindustria-emilia-area-centro\/","url":"https:\/\/www.miba.it\/confindustria-emilia-area-centro\/","name":"Miba with Confindustria Emilia Area Centro","isPartOf":{"@id":"https:\/\/www.miba.it\/#website"},"primaryImageOfPage":{"@id":"https:\/\/www.miba.it\/confindustria-emilia-area-centro\/#primaryimage"},"image":{"@id":"https:\/\/www.miba.it\/confindustria-emilia-area-centro\/#primaryimage"},"thumbnailUrl":"https:\/\/www.miba.it\/wp-content\/uploads\/2024\/07\/image6.jpeg","datePublished":"2024-08-28T15:28:52+00:00","dateModified":"2025-04-21T07:41:19+00:00","author":{"@id":"https:\/\/www.miba.it\/#\/schema\/person\/ad053114ce1998cabb3a7899742f55d5"},"description":"MIBA honored by Confindustria Emilia Area Centro! Learn about the success story of a leading metal carpentry company.","breadcrumb":{"@id":"https:\/\/www.miba.it\/confindustria-emilia-area-centro\/#breadcrumb"},"inLanguage":"en-US","potentialAction":[{"@type":"ReadAction","target":["https:\/\/www.miba.it\/confindustria-emilia-area-centro\/"]}]},{"@type":"ImageObject","inLanguage":"en-US","@id":"https:\/\/www.miba.it\/confindustria-emilia-area-centro\/#primaryimage","url":"https:\/\/www.miba.it\/wp-content\/uploads\/2024\/07\/image6.jpeg","contentUrl":"https:\/\/www.miba.it\/wp-content\/uploads\/2024\/07\/image6.jpeg","width":566,"height":631},{"@type":"BreadcrumbList","@id":"https:\/\/www.miba.it\/confindustria-emilia-area-centro\/#breadcrumb","itemListElement":[{"@type":"ListItem","position":1,"name":"Home","item":"https:\/\/www.miba.it\/"},{"@type":"ListItem","position":2,"name":"Consegna delle targhe celebrative per gli associati Confindustria Emilia Area centro"}]},{"@type":"WebSite","@id":"https:\/\/www.miba.it\/#website","url":"https:\/\/www.miba.it\/","name":"MIBA","description":"The outsourcing solution","potentialAction":[{"@type":"SearchAction","target":{"@type":"EntryPoint","urlTemplate":"https:\/\/www.miba.it\/?s={search_term_string}"},"query-input":{"@type":"PropertyValueSpecification","valueRequired":true,"valueName":"search_term_string"}}],"inLanguage":"en-US"},{"@type":"Person","@id":"https:\/\/www.miba.it\/#\/schema\/person\/ad053114ce1998cabb3a7899742f55d5","name":"miba","image":{"@type":"ImageObject","inLanguage":"en-US","@id":"https:\/\/www.miba.it\/#\/schema\/person\/image\/","url":"https:\/\/secure.gravatar.com\/avatar\/e018ce940cf08a037c3dd55352eb3a90507f1a9a0b53a290d84299b0d52ac709?s=96&d=mm&r=g","contentUrl":"https:\/\/secure.gravatar.com\/avatar\/e018ce940cf08a037c3dd55352eb3a90507f1a9a0b53a290d84299b0d52ac709?s=96&d=mm&r=g","caption":"miba"},"sameAs":["https:\/\/www.miba.it"]}]}},"_links":{"self":[{"href":"https:\/\/www.miba.it\/en\/wp-json\/wp\/v2\/posts\/586","targetHints":{"allow":["GET"]}}],"collection":[{"href":"https:\/\/www.miba.it\/en\/wp-json\/wp\/v2\/posts"}],"about":[{"href":"https:\/\/www.miba.it\/en\/wp-json\/wp\/v2\/types\/post"}],"author":[{"embeddable":true,"href":"https:\/\/www.miba.it\/en\/wp-json\/wp\/v2\/users\/1"}],"replies":[{"embeddable":true,"href":"https:\/\/www.miba.it\/en\/wp-json\/wp\/v2\/comments?post=586"}],"version-history":[{"count":1,"href":"https:\/\/www.miba.it\/en\/wp-json\/wp\/v2\/posts\/586\/revisions"}],"predecessor-version":[{"id":1358,"href":"https:\/\/www.miba.it\/en\/wp-json\/wp\/v2\/posts\/586\/revisions\/1358"}],"wp:featuredmedia":[{"embeddable":true,"href":"https:\/\/www.miba.it\/en\/wp-json\/wp\/v2\/media\/536"}],"wp:attachment":[{"href":"https:\/\/www.miba.it\/en\/wp-json\/wp\/v2\/media?parent=586"}],"wp:term":[{"taxonomy":"category","embeddable":true,"href":"https:\/\/www.miba.it\/en\/wp-json\/wp\/v2\/categories?post=586"},{"taxonomy":"post_tag","embeddable":true,"href":"https:\/\/www.miba.it\/en\/wp-json\/wp\/v2\/tags?post=586"}],"curies":[{"name":"wp","href":"https:\/\/api.w.org\/{rel}","templated":true}]}}